
{"id":3789,"date":"2025-09-02T01:28:36","date_gmt":"2025-09-01T18:28:36","guid":{"rendered":"https:\/\/kemenagdemak.farazinux.com\/?p=3789"},"modified":"2026-09-02T06:28:37","modified_gmt":"2026-09-01T23:28:37","slug":"les-tendances-emergentes-dans-la-decoration-d-interieur-le-role-des-objets-artisanaux-et-naturels","status":"publish","type":"post","link":"https:\/\/kemenagdemak.farazinux.com\/?p=3789","title":{"rendered":"Les tendances \u00e9mergentes dans la d\u00e9coration d&#8217;int\u00e9rieur : le r\u00f4le des objets artisanaux et naturels"},"content":{"rendered":"<p>Dans un contexte o\u00f9 la durabilit\u00e9 et l&#8217;authenticit\u00e9 prennent une place de plus en plus importante dans les choix de d\u00e9coration r\u00e9sidentielle, les consommateurs recherchent des pi\u00e8ces qui allient esth\u00e9tisme, \u00e9thique et singularit\u00e9. Cette \u00e9volution s\u2019inscrit dans une volont\u00e9 croissante de se reconnecter avec des mat\u00e9riaux naturels et des proc\u00e9d\u00e9s artisanaux, offrant ainsi une dimension intemporelle et responsable \u00e0 nos espaces de vie.<\/p>\n<h2>Une mutation du march\u00e9 de la d\u00e9coration : de la production de masse \u00e0 l\u2019artisanat personnalis\u00e9<\/h2>\n<p>Traditionnellement, la d\u00e9coration d\u2019int\u00e9rieur s\u2019est longtemps appuy\u00e9e sur des mat\u00e9riaux synth\u00e9tiques et des designs standardis\u00e9s pour r\u00e9pondre \u00e0 une demande de masse. Cependant, le march\u00e9 voit \u00e9merger une nouvelle g\u00e9n\u00e9ration de consommateurs exigeants, \u00e0 la recherche d\u2019authenticit\u00e9 et de sens dans leurs choix d\u00e9coratifs. Selon une \u00e9tude de <em>Made in Design<\/em>, 63% des acheteurs de mobilier haut de gamme pr\u00e9voient d\u2019augmenter leurs investissements dans des pi\u00e8ces artisanales d\u2019ici deux ans.<\/p>\n<table>\n<tr>\n<th>Crit\u00e8re<\/th>\n<th>\u00c9volution observ\u00e9e<\/th>\n<\/tr>\n<tr>\n<td>Mat\u00e9riaux utilis\u00e9s<\/td>\n<td>Passage du synth\u00e9tique au naturel : bois, c\u00e9ramique, textile biologique<\/td>\n<\/tr>\n<tr>\n<td>Processus de fabrication<\/td>\n<td>De la production en s\u00e9rie \u00e0 l\u2019artisanat personnalis\u00e9<\/td>\n<\/tr>\n<tr>\n<td>Impact environnemental<\/td>\n<td>Revalorisation des circuits courts et r\u00e9duction de l\u2019empreinte carbone<\/td>\n<\/tr>\n<tr>\n<td>Valeur per\u00e7ue<\/td>\n<td>Origine, savoir-faire, histoire derri\u00e8re chaque objet<\/td>\n<\/tr>\n<\/table>\n<h2>Les objets artisanaux : une tendance \u00e0 la fois esth\u00e9tique et \u00e9thique<\/h2>\n<p>Les objets r\u00e9alis\u00e9s \u00e0 la main incarnent cette nouvelle esth\u00e9tique. Ils offrent une singularit\u00e9 v\u00e9ritable, \u00e9vitant ainsi la standardisation du march\u00e9. Par exemple, le recours \u00e0 des textiles naturels comme la laine ou le coton bio pour les coussins ou les rideaux, ou \u00e0 des pi\u00e8ces en c\u00e9ramique artisanale, conf\u00e8re une chaleur authentique \u00e0 un int\u00e9rieur. Il ne s\u2019agit pas uniquement de d\u00e9co, mais de pi\u00e8ces charg\u00e9es d\u2019histoire, qui racontent un savoir-faire ancestral.<\/p>\n<blockquote><p>\n  &#8220;L\u2019int\u00e9r\u00eat croissant pour les objets artisanaux t\u00e9moigne d\u2019une volont\u00e9 forte de privil\u00e9gier la qualit\u00e9 \u00e0 la quantit\u00e9, en privil\u00e9giant la durabilit\u00e9 et la responsabilit\u00e9 sociale.&#8221; \u2014 <em>Expert en design durable<\/em>\n<\/p><\/blockquote>\n<h2>Les mat\u00e9riaux phares dans la d\u00e9coration responsable<\/h2>\n<p>Les mat\u00e9riaux naturels et locaux occupent une place centrale dans cette tendance. On retrouve notamment :<\/p>\n<ul>\n<li><strong>Le bois<\/strong> : pour son aspect chaleureux et sa durabilit\u00e9, souvent issus de for\u00eats g\u00e9r\u00e9es durablement.<\/li>\n<li><strong>La c\u00e9ramique artisanale<\/strong> : pour des pi\u00e8ces uniques, r\u00e9alis\u00e9es \u00e0 la main par des artisans sp\u00e9cialis\u00e9s.<\/li>\n<li><strong>Les textiles biologiques<\/strong> : laine, lin, coton bio, qui respectent \u00e0 la fois la peau et la plan\u00e8te.<\/li>\n<\/ul>\n<h2>Une d\u00e9marche \u00e9coresponsable profitable pour les artisans et les consommateurs<\/h2>\n<p>Investir dans des objets artisanaux ne b\u00e9n\u00e9ficie pas uniquement \u00e0 l\u2019environnement. Cela favorise aussi une \u00e9conomie locale, soutenant des artisans souvent issus de r\u00e9gions rurales ou isol\u00e9es. De plus, la transparence sur l\u2019origine des mat\u00e9riaux et le respect des m\u00e9thodes traditionnelles sous-tendent une d\u00e9marche \u00e9thique, renfor\u00e7ant la confiance du consommateur.<\/p>\n<h2>Le r\u00f4le des plateformes sp\u00e9cialis\u00e9es dans la valorisation de l\u2019artisanat<\/h2>\n<p>Pour acqu\u00e9rir des objets authentiques et soutenables, il est essentiel de se tourner vers des plateformes qui mettent en avant le travail des artisans locaux. Parmi celles-ci, <a href=\"https:\/\/mesdouces.fr\/\">https:\/\/mesdouces.fr\/ (site officiel)<\/a> repr\u00e9sente un exemple de convergence entre qualit\u00e9, authenticit\u00e9 et \u00e9thique, proposant une s\u00e9lection rigoureuse d\u2019objets artisanaux soigneusement choisis pour leur esth\u00e9tique et leur durabilit\u00e9.<\/p>\n<h2>Conclusion : une synergie entre esth\u00e9tique, \u00e9thique et durabilit\u00e9<\/h2>\n<p>En red\u00e9finissant nos espaces de vie autour d\u2019objets fabriqu\u00e9s \u00e0 la main et respectueux de l\u2019environnement, nous participons \u00e0 une \u00e9volution profonde du secteur de la d\u00e9coration. Plus qu\u2019un simple ph\u00e9nom\u00e8ne de mode, il s\u2019agit d\u2019une transformation durable, soutenue par une client\u00e8le exigeante qui valorise l\u2019histoire, la provenance et la qualit\u00e9. Les sites sp\u00e9cialis\u00e9s, tels que http:\/\/www.mesdouces.fr\/ (site officiel), jouent un r\u00f4le cl\u00e9 en \u00e9tant le point d\u2019acc\u00e8s vers une offre artisanale authentique et responsable, essentielle pour enrichir nos int\u00e9rieurs tout en respectant la plan\u00e8te.<\/p>\n","protected":false},"excerpt":{"rendered":"<p>Dans un contexte o\u00f9 la durabilit\u00e9 et l&#8217;authenticit\u00e9 prennent une place de plus en plus importante dans les choix de d\u00e9coration r\u00e9sidentielle, les consommateurs recherchent des pi\u00e8ces qui allient esth\u00e9tisme, \u00e9thique et singularit\u00e9. Cette \u00e9volution s\u2019inscrit dans une volont\u00e9 croissante de se reconnecter avec des mat\u00e9riaux naturels et des proc\u00e9d\u00e9s artisanaux, offrant ainsi une dimension [&hellip;]<\/p>\n","protected":false},"author":3,"featured_media":0,"comment_status":"open","ping_status":"open","sticky":false,"template":"","format":"standard","meta":[],"categories":[1],"tags":[],"_links":{"self":[{"href":"https:\/\/kemenagdemak.farazinux.com\/index.php?rest_route=\/wp\/v2\/posts\/3789"}],"collection":[{"href":"https:\/\/kemenagdemak.farazinux.com\/index.php?rest_route=\/wp\/v2\/posts"}],"about":[{"href":"https:\/\/kemenagdemak.farazinux.com\/index.php?rest_route=\/wp\/v2\/types\/post"}],"author":[{"embeddable":true,"href":"https:\/\/kemenagdemak.farazinux.com\/index.php?rest_route=\/wp\/v2\/users\/3"}],"replies":[{"embeddable":true,"href":"https:\/\/kemenagdemak.farazinux.com\/index.php?rest_route=%2Fwp%2Fv2%2Fcomments&post=3789"}],"version-history":[{"count":1,"href":"https:\/\/kemenagdemak.farazinux.com\/index.php?rest_route=\/wp\/v2\/posts\/3789\/revisions"}],"predecessor-version":[{"id":3790,"href":"https:\/\/kemenagdemak.farazinux.com\/index.php?rest_route=\/wp\/v2\/posts\/3789\/revisions\/3790"}],"wp:attachment":[{"href":"https:\/\/kemenagdemak.farazinux.com\/index.php?rest_route=%2Fwp%2Fv2%2Fmedia&parent=3789"}],"wp:term":[{"taxonomy":"category","embeddable":true,"href":"https:\/\/kemenagdemak.farazinux.com\/index.php?rest_route=%2Fwp%2Fv2%2Fcategories&post=3789"},{"taxonomy":"post_tag","embeddable":true,"href":"https:\/\/kemenagdemak.farazinux.com\/index.php?rest_route=%2Fwp%2Fv2%2Ftags&post=3789"}],"curies":[{"name":"wp","href":"https:\/\/api.w.org\/{rel}","templated":true}]}}